{"id":1157,"date":"2015-07-15T11:48:42","date_gmt":"2015-07-15T11:48:42","guid":{"rendered":"https:\/\/raiodesedaastrologia.wordpress.com\/?p=1157"},"modified":"2023-03-06T20:32:24","modified_gmt":"2023-03-06T20:32:24","slug":"cocreativeconnection2015c4e","status":"publish","type":"post","link":"https:\/\/raiodeseda.sikairos.pt\/wp\/2015\/1157\/","title":{"rendered":"C4E 2015 na &#8216;Co Creative Connections 4&#8217; &#8211; 17\/07 a 06\/08"},"content":{"rendered":"\t\t<div data-elementor-type=\"wp-post\" data-elementor-id=\"1157\" class=\"elementor elementor-1157\">\n\t\t\t\t\t\t<section class=\"elementor-section elementor-top-section elementor-element elementor-element-1149ac99 elementor-section-boxed elementor-section-height-default elementor-section-height-default\" data-id=\"1149ac99\" data-element_type=\"section\">\n\t\t\t\t\t\t<div class=\"elementor-container elementor-column-gap-default\">\n\t\t\t\t\t<div class=\"elementor-column elementor-col-100 elementor-top-column elementor-element elementor-element-66302b99\" data-id=\"66302b99\" data-element_type=\"column\">\n\t\t\t<div class=\"elementor-widget-wrap elementor-element-populated\">\n\t\t\t\t\t\t<div class=\"elementor-element elementor-element-a0aa73a elementor-widget elementor-widget-text-editor\" data-id=\"a0aa73a\" data-element_type=\"widget\" data-widget_type=\"text-editor.default\">\n\t\t\t\t<div class=\"elementor-widget-container\">\n\t\t\t\t\t\t\t\t\t<table border=\"0\" width=\"600\" cellspacing=\"0%\" cellpadding=\"4%\"><tbody><tr><td style=\"text-align: center;\" width=\"50%\">\u00a0<\/td><\/tr><tr><td colspan=\"3\" width=\"100%\"><p lang=\"pt-PT\" style=\"text-align: justify;\"><span style=\"font-family: Roboto;\"><span style=\"font-size: small;\"><strong>inaugura na sexta-feira, dia 17!<\/strong><\/span><\/span><\/p><p lang=\"pt-PT\" style=\"text-align: justify;\"><span style=\"font-family: Roboto;\"><span style=\"font-size: small;\">o <strong>projecto <a href=\"https:\/\/raiodesedaastrologia.wordpress.com\/projectos-3\" target=\"_blank\" rel=\"noopener\">&#8216;Tempo Circular&#8217;<\/a><\/strong>, no qual se incluem a Mandala Astrol\u00f3gica e o Calend\u00e1rio 4 esta\u00e7\u00f5es, vai estar representado na exposi\u00e7\u00e3o colectiva <strong>&#8216;Co Creative Connections&#8217; na Galeria Geraldes da Silva (Porto) de 17\/07 e 06\/08. <\/strong><\/span><\/span><\/p><p lang=\"pt-PT\" style=\"text-align: justify;\"><span style=\"font-family: Roboto;\"><span style=\"font-size: small;\">obrigada ao Filipe Garcia e \u00e0 Galeria Geraldes da Silva &#8211; Lu\u00eds de Carvalho. <\/span><\/span><\/p><p lang=\"pt-PT\" style=\"text-align: justify;\"><span style=\"font-family: Roboto;\"><span style=\"font-size: small;\">est\u00e3o convidados a aparecer. haver\u00e1 alguns exemplares do &#8216;Calend\u00e1rio 4 esta\u00e7\u00f5es 2015&#8217;, acompanhados pela ilustra\u00e7\u00e3o dispon\u00edveis junto da Galeria, para quem queira levar um para casa \ud83d\ude09 <\/span><\/span><\/p><\/td><\/tr><tr><td style=\"text-align: center;\" width=\"20%\"><strong><span style=\"font-family: Roboto;\"><span style=\"font-size: small;\">links <\/span><\/span><\/strong><span style=\"font-family: Roboto;\"><span style=\"font-size: small;\"><a href=\"http:\/\/galeriageraldes.blogspot.pt\/\">http:\/\/galeriageraldes.blogspot.pt\/<\/a> | <a href=\"https:\/\/pt-pt.facebook.com\/pages\/Galeria-Geraldes-da-Silva\/129028170457550\">https:\/\/pt-pt.facebook.com\/pages\/Galeria-Geraldes-da-Silva\/129028170457550<\/a><br \/><\/span><\/span><\/td><\/tr><\/tbody><\/table>\t\t\t\t\t\t\t\t<\/div>\n\t\t\t\t<\/div>\n\t\t\t\t\t<\/div>\n\t\t<\/div>\n\t\t\t\t\t<\/div>\n\t\t<\/section>\n\t\t\t\t<\/div>\n\t\t","protected":false},"excerpt":{"rendered":"excerpt","protected":false},"author":1,"featured_media":1158,"comment_status":"open","ping_status":"open","sticky":false,"template":"","format":"standard","meta":{"om_disable_all_campaigns":false,"_monsterinsights_skip_tracking":false,"_monsterinsights_sitenote_active":false,"_monsterinsights_sitenote_note":"","_monsterinsights_sitenote_category":0,"episode_type":"","audio_file":"","cover_image":"","cover_image_id":"","duration":"","filesize":"","date_recorded":"","explicit":"","block":"","filesize_raw":"","_jetpack_memberships_contains_paid_content":false,"footnotes":""},"categories":[2,14,3,53],"tags":[57,65,66,67,20,47],"class_list":["post-1157","post","type-post","status-publish","format-standard","has-post-thumbnail","hentry","category-blog_2010_22","category-eventos","category-info_rds","category-tempo_circular","tag-calendario-4-estacoes","tag-co-creative-connections-4","tag-filipe-garcia","tag-galeria-geraldes-da-silva","tag-patricia-nazare-barbosa","tag-raio-de-seda-astrologia"],"aioseo_notices":[],"jetpack_featured_media_url":"https:\/\/i0.wp.com\/raiodeseda.sikairos.pt\/wp\/wp-content\/uploads\/2015\/07\/creative.jpg?fit=960%2C960&ssl=1","jetpack_sharing_enabled":true,"jetpack_likes_enabled":true,"jetpack-related-posts":[{"id":975,"url":"https:\/\/raiodeseda.sikairos.pt\/wp\/2014\/975\/","url_meta":{"origin":1157,"position":0},"title":"Calend\u00e1rio 4 esta\u00e7\u00f5es na 5\u00aa edi\u00e7\u00e3o da &#8216;abertura de ateli\u00eas de artistas&#8217;","author":"patr\u00edcia nb - raio de seda","date":"20 de Outubro, 2014","format":false,"excerpt":"o \u00faltimo fim de semana passou-se de portas abertas ao p\u00fablico e de paredes postas para o Calend\u00e1rio 4 esta\u00e7\u00f5es no meu espa\u00e7o de trabalho do atelier 39'93. a parede historial-colagem 'da mandala astrol\u00f3gica 2013 ao Calend\u00e1rio 4 esta\u00e7\u00f5es', exemplares o calend\u00e1rio prontinhos a levar e alguns excertos e ilustra\u00e7\u00f5es\u2026","rel":"","context":"In &quot;blog 2010-22&quot;","block_context":{"text":"blog 2010-22","link":"https:\/\/raiodeseda.sikairos.pt\/wp\/category\/blog_2010_22\/"},"img":{"alt_text":"","src":"https:\/\/i0.wp.com\/raiodeseda.sikairos.pt\/wp\/wp-content\/uploads\/2014\/10\/pa181262_rds20141017.jpg?fit=979%2C734&ssl=1&resize=350%2C200","width":350,"height":200,"srcset":"https:\/\/i0.wp.com\/raiodeseda.sikairos.pt\/wp\/wp-content\/uploads\/2014\/10\/pa181262_rds20141017.jpg?fit=979%2C734&ssl=1&resize=350%2C200 1x, https:\/\/i0.wp.com\/raiodeseda.sikairos.pt\/wp\/wp-content\/uploads\/2014\/10\/pa181262_rds20141017.jpg?fit=979%2C734&ssl=1&resize=525%2C300 1.5x, https:\/\/i0.wp.com\/raiodeseda.sikairos.pt\/wp\/wp-content\/uploads\/2014\/10\/pa181262_rds20141017.jpg?fit=979%2C734&ssl=1&resize=700%2C400 2x"},"classes":[]},{"id":1189,"url":"https:\/\/raiodeseda.sikairos.pt\/wp\/2015\/1189\/","url_meta":{"origin":1157,"position":1},"title":"projecto &#8216;tempo circular&#8217; na &#8216;Abertura de Ateli\u00eas de Artista 2015","author":"patr\u00edcia nb - raio de seda","date":"25 de Outubro, 2015","format":false,"excerpt":"est\u00e1 a decorrer a 6\u00aa edi\u00e7\u00e3o da 'AAA' (Abertura de Ateli\u00eas de Artista) em Lisboa. o 39'93 abriu ontem, 24\/10, as suas portas e estar\u00e1 hoje de novo aberto \u00e0 visita, entre as 15:00 e as 20:00. [brochura PDF com toda a info e mapas aqui] o projecto 'tempo circular'\u2026","rel":"","context":"In &quot;blog 2010-22&quot;","block_context":{"text":"blog 2010-22","link":"https:\/\/raiodeseda.sikairos.pt\/wp\/category\/blog_2010_22\/"},"img":{"alt_text":"","src":"https:\/\/i0.wp.com\/raiodeseda.sikairos.pt\/wp\/wp-content\/uploads\/2015\/10\/2015_10_aaa_rdstempocircular.jpg?fit=1200%2C601&ssl=1&resize=350%2C200","width":350,"height":200,"srcset":"https:\/\/i0.wp.com\/raiodeseda.sikairos.pt\/wp\/wp-content\/uploads\/2015\/10\/2015_10_aaa_rdstempocircular.jpg?fit=1200%2C601&ssl=1&resize=350%2C200 1x, https:\/\/i0.wp.com\/raiodeseda.sikairos.pt\/wp\/wp-content\/uploads\/2015\/10\/2015_10_aaa_rdstempocircular.jpg?fit=1200%2C601&ssl=1&resize=525%2C300 1.5x, https:\/\/i0.wp.com\/raiodeseda.sikairos.pt\/wp\/wp-content\/uploads\/2015\/10\/2015_10_aaa_rdstempocircular.jpg?fit=1200%2C601&ssl=1&resize=700%2C400 2x, https:\/\/i0.wp.com\/raiodeseda.sikairos.pt\/wp\/wp-content\/uploads\/2015\/10\/2015_10_aaa_rdstempocircular.jpg?fit=1200%2C601&ssl=1&resize=1050%2C600 3x"},"classes":[]},{"id":1180,"url":"https:\/\/raiodeseda.sikairos.pt\/wp\/2015\/1180\/","url_meta":{"origin":1157,"position":2},"title":"novo artigo e leituras outonais","author":"patr\u00edcia nb - raio de seda","date":"28 de Setembro, 2015","format":false,"excerpt":"\u00a0 no dia 23, o Outono trouxe novas leituras, com o lan\u00e7amento da 14\u00aa edi\u00e7\u00e3o do Jornal Astrol\u00f3gico 4 Esta\u00e7\u00f5es da Associa\u00e7\u00e3o Portuguesa de Astrologia (Aspas). venho convid\u00e1-los \u00e0 leitura do meu \u00faltimo artigo em que se fala sobre a face, o cora\u00e7\u00e3o e o olhar do Cronos : uma\u2026","rel":"","context":"In &quot;blog 2010-22&quot;","block_context":{"text":"blog 2010-22","link":"https:\/\/raiodeseda.sikairos.pt\/wp\/category\/blog_2010_22\/"},"img":{"alt_text":"","src":"https:\/\/i0.wp.com\/raiodeseda.sikairos.pt\/wp\/wp-content\/uploads\/2015\/09\/capa.jpg?resize=350%2C200&ssl=1","width":350,"height":200},"classes":[]},{"id":1300,"url":"https:\/\/raiodeseda.sikairos.pt\/wp\/2016\/1300\/","url_meta":{"origin":1157,"position":3},"title":"entre nuvens, sol e planetas retr\u00f3grados&#8230; reflectir e perspectivar","author":"patr\u00edcia nb - raio de seda","date":"9 de Maio, 2016","format":false,"excerpt":"boa tarde a tod@s, hoje o planeta J\u00fapiter passou ao movimento directo, \u00e0s 13:14 locais (PT continental). embora a conjuntura de planetas em movimento retr\u00f3grado se mantenha por mais algum tempo ( Merc\u00fario at\u00e9 22\/05, Marte at\u00e9 30\/06 e Saturno at\u00e9 13\/08), esta mudan\u00e7a ajuda-nos a compreender e aceitar com\u2026","rel":"","context":"In &quot;blog 2010-22&quot;","block_context":{"text":"blog 2010-22","link":"https:\/\/raiodeseda.sikairos.pt\/wp\/category\/blog_2010_22\/"},"img":{"alt_text":"","src":"https:\/\/i0.wp.com\/raiodeseda.sikairos.pt\/wp\/wp-content\/uploads\/2016\/05\/tempocircular2015_olharlua.png?fit=1183%2C531&ssl=1&resize=350%2C200","width":350,"height":200,"srcset":"https:\/\/i0.wp.com\/raiodeseda.sikairos.pt\/wp\/wp-content\/uploads\/2016\/05\/tempocircular2015_olharlua.png?fit=1183%2C531&ssl=1&resize=350%2C200 1x, https:\/\/i0.wp.com\/raiodeseda.sikairos.pt\/wp\/wp-content\/uploads\/2016\/05\/tempocircular2015_olharlua.png?fit=1183%2C531&ssl=1&resize=525%2C300 1.5x, https:\/\/i0.wp.com\/raiodeseda.sikairos.pt\/wp\/wp-content\/uploads\/2016\/05\/tempocircular2015_olharlua.png?fit=1183%2C531&ssl=1&resize=700%2C400 2x, https:\/\/i0.wp.com\/raiodeseda.sikairos.pt\/wp\/wp-content\/uploads\/2016\/05\/tempocircular2015_olharlua.png?fit=1183%2C531&ssl=1&resize=1050%2C600 3x"},"classes":[]},{"id":1144,"url":"https:\/\/raiodeseda.sikairos.pt\/wp\/2015\/1144\/","url_meta":{"origin":1157,"position":4},"title":"um olhar especial para os quinze primeir@s&#8230;","author":"patr\u00edcia nb - raio de seda","date":"6 de Janeiro, 2015","format":false,"excerpt":"\u00a0 \u00a0Hoje, dia de Reis, foi o lan\u00e7amento oficial do 'Calend\u00e1rio 4 esta\u00e7\u00f5es 2015' pela Aspas! Em celebra\u00e7\u00e3o da continuidade desta parceria e deste projecto, em honra de um novo ano, temos uma campanha especial de lan\u00e7amento que ir\u00e1 privilegiar os primeiros pedidos de encomenda desta 2\u00aa edi\u00e7\u00e3o. Espera-os um\u2026","rel":"","context":"In &quot;blog 2010-22&quot;","block_context":{"text":"blog 2010-22","link":"https:\/\/raiodeseda.sikairos.pt\/wp\/category\/blog_2010_22\/"},"img":{"alt_text":"","src":"https:\/\/i0.wp.com\/raiodeseda.sikairos.pt\/wp\/wp-content\/uploads\/2015\/01\/c4eolhar2015_iluwebform.png?fit=466%2C659&ssl=1&resize=350%2C200","width":350,"height":200},"classes":[]},{"id":1115,"url":"https:\/\/raiodeseda.sikairos.pt\/wp\/2014\/1115\/","url_meta":{"origin":1157,"position":5},"title":"coming soon&#8230;","author":"patr\u00edcia nb - raio de seda","date":"23 de Dezembro, 2014","format":false,"excerpt":"... 2015! feliz natal e boas festas a todos :)","rel":"","context":"In &quot;blog 2010-22&quot;","block_context":{"text":"blog 2010-22","link":"https:\/\/raiodeseda.sikairos.pt\/wp\/category\/blog_2010_22\/"},"img":{"alt_text":"","src":"https:\/\/i0.wp.com\/raiodeseda.sikairos.pt\/wp\/wp-content\/uploads\/2014\/12\/lr_c4e2015_00.jpg?fit=539%2C538&ssl=1&resize=350%2C200","width":350,"height":200,"srcset":"https:\/\/i0.wp.com\/raiodeseda.sikairos.pt\/wp\/wp-content\/uploads\/2014\/12\/lr_c4e2015_00.jpg?fit=539%2C538&ssl=1&resize=350%2C200 1x, https:\/\/i0.wp.com\/raiodeseda.sikairos.pt\/wp\/wp-content\/uploads\/2014\/12\/lr_c4e2015_00.jpg?fit=539%2C538&ssl=1&resize=525%2C300 1.5x"},"classes":[]}],"_links":{"self":[{"href":"https:\/\/raiodeseda.sikairos.pt\/wp\/wp-json\/wp\/v2\/posts\/1157","targetHints":{"allow":["GET"]}}],"collection":[{"href":"https:\/\/raiodeseda.sikairos.pt\/wp\/wp-json\/wp\/v2\/posts"}],"about":[{"href":"https:\/\/raiodeseda.sikairos.pt\/wp\/wp-json\/wp\/v2\/types\/post"}],"author":[{"embeddable":true,"href":"https:\/\/raiodeseda.sikairos.pt\/wp\/wp-json\/wp\/v2\/users\/1"}],"replies":[{"embeddable":true,"href":"https:\/\/raiodeseda.sikairos.pt\/wp\/wp-json\/wp\/v2\/comments?post=1157"}],"version-history":[{"count":10,"href":"https:\/\/raiodeseda.sikairos.pt\/wp\/wp-json\/wp\/v2\/posts\/1157\/revisions"}],"predecessor-version":[{"id":2234,"href":"https:\/\/raiodeseda.sikairos.pt\/wp\/wp-json\/wp\/v2\/posts\/1157\/revisions\/2234"}],"wp:featuredmedia":[{"embeddable":true,"href":"https:\/\/raiodeseda.sikairos.pt\/wp\/wp-json\/wp\/v2\/media\/1158"}],"wp:attachment":[{"href":"https:\/\/raiodeseda.sikairos.pt\/wp\/wp-json\/wp\/v2\/media?parent=1157"}],"wp:term":[{"taxonomy":"category","embeddable":true,"href":"https:\/\/raiodeseda.sikairos.pt\/wp\/wp-json\/wp\/v2\/categories?post=1157"},{"taxonomy":"post_tag","embeddable":true,"href":"https:\/\/raiodeseda.sikairos.pt\/wp\/wp-json\/wp\/v2\/tags?post=1157"}],"curies":[{"name":"wp","href":"https:\/\/api.w.org\/{rel}","templated":true}]}}